{"id":3103,"date":"2021-02-07T10:30:00","date_gmt":"2021-02-07T09:30:00","guid":{"rendered":"http:\/\/gegocalw.de\/wp-gegocalw\/?p=3103"},"modified":"2021-02-13T18:40:57","modified_gmt":"2021-02-13T17:40:57","slug":"07-02-gottesdienst-um-1030-uhr","status":"publish","type":"post","link":"https:\/\/gegocalw.de\/wp-gegocalw\/07-02-gottesdienst-um-1030-uhr\/","title":{"rendered":"07.02. Gottesdienst um 10:30 Uhr"},"content":{"rendered":"\n<h2 class=\"wp-block-heading\">Thema: &#8222;Begeistert sein \/ R\u00f6mer 8&#8220; mit Benjamin Geiss. <\/h2>\n\n\n<p><iframe loading=\"lazy\" title=\"BEGEISTERT SEIN - Benjamin Geiss\" width=\"1160\" height=\"653\" src=\"https:\/\/www.youtube.com\/embed\/Ik0ILygWi_8?feature=oembed\" frameborder=\"0\" allow=\"accelerometer; autoplay; clipboard-write; encrypted-media; gyroscope; picture-in-picture; web-share\" referrerpolicy=\"strict-origin-when-cross-origin\" allowfullscreen><\/iframe><\/p>\n\n\n\n<!--more-->\n\n\n\n<h4 class=\"wp-block-heading\">Herzliche Einladung zu unserem Gottesdienst in der Gemeinde Gottes Calw-Hirsau. Du bist herzlich eingeladen den Gottesdienst in der Gemeinde Gottes Calw-Hirsau live zu erleben oder \u00fcber unseren Youtube.com Kanal zu verfolgen.<br>Wie bereits angek\u00fcndigt wird der Gottesdienst in einem Mix statt finden. Zum einen wird der Gottesdienst \u00fcber Youtube.com live \u00fcbertragen und zum anderen kann ein Teil der Gemeinde, nach einer Anmeldung vor Ort den Gottesdienst feiern. F\u00fcr alle Besucher vor Ort gelten die Regeln des aktuellen Infektionsschutzkonzeptes der Gemeinde Gottes Calw-Hirsau.<\/h4>\n\n\n\n<h4 class=\"wp-block-heading\">Wenn du uns finanziell unterst\u00fctzen m\u00f6chtest, so kannst du das \u00fcber den folgenden Link gerne tun.<\/h4>\n\n\n\n<div class=\"wp-block-buttons is-layout-flex wp-block-buttons-is-layout-flex\">\n<div class=\"wp-block-button\"><a class=\"wp-block-button__link has-vivid-cyan-blue-color has-white-background-color has-text-color has-background\" href=\"http:\/\/gegocalw.de\/wp-gegocalw\/spenden\/\" target=\"_blank\" rel=\"noreferrer noopener\"><strong>Zum Spendenformular<\/strong><\/a><\/div>\n<\/div>\n\n\n\n<h4 class=\"wp-block-heading\">Interessierst du dich f\u00fcr weitere Predigten, kannst du in unserem Archiv nach interessanten Themen suchen.<\/h4>\n\n\n\n<div class=\"wp-block-buttons is-layout-flex wp-block-buttons-is-layout-flex\">\n<div class=\"wp-block-button\"><a class=\"wp-block-button__link has-vivid-cyan-blue-color has-white-background-color has-text-color has-background\" href=\"http:\/\/gegocalw.de\/wp-gegocalw\/category\/aktuelles\/\" target=\"_blank\" rel=\"noreferrer noopener\"><strong>Zum Archiv<\/strong><\/a><\/div>\n<\/div>\n\n\n\n<p><\/p>\n","protected":false},"excerpt":{"rendered":"<p>Thema: &#8222;Begeistert sein \/ R\u00f6mer 8&#8220; mit Benjamin Geiss. <a class=\"continue-reading-link\" href=\"https:\/\/gegocalw.de\/wp-gegocalw\/07-02-gottesdienst-um-1030-uhr\/\">Mehr sehen &amp; h\u00f6ren<\/a><\/p>\n","protected":false},"author":9,"featured_media":3106,"comment_status":"closed","ping_status":"open","sticky":false,"template":"","format":"standard","meta":{"footnotes":""},"categories":[12],"tags":[],"class_list":["post-3103","post","type-post","status-publish","format-standard","has-post-thumbnail","hentry","category-aktuelles"],"yoast_head":"<!-- This site is optimized with the Yoast SEO plugin v20.5 - https:\/\/yoast.com\/wordpress\/plugins\/seo\/ -->\n<title>07.02. Gottesdienst um 10:30 Uhr - Evangelische Freikirche Gemeinde Gottes Calw-Hirsau<\/title>\n<meta name=\"description\" content=\"Herzliche Einladung zu unserem Gottesdienst in der Gemeinde Gottes Calw-Hirsau. Zum einen wird der Gottesdienst \u00fcber Youtube.com live \u00fcbertragen und zum anderen kann ein Teil der Gemeinde, nach einer Anmeldung vor Ort den Gottesdienst feiern.\" \/>\n<meta name=\"robots\" content=\"index, follow, max-snippet:-1, max-image-preview:large, max-video-preview:-1\" \/>\n<link rel=\"canonical\" href=\"https:\/\/gegocalw.de\/wp-gegocalw\/07-02-gottesdienst-um-1030-uhr\/\" \/>\n<meta property=\"og:locale\" content=\"de_DE\" \/>\n<meta property=\"og:type\" content=\"article\" \/>\n<meta property=\"og:title\" content=\"07.02. Gottesdienst um 10:30 Uhr - Evangelische Freikirche Gemeinde Gottes Calw-Hirsau\" \/>\n<meta property=\"og:description\" content=\"Herzliche Einladung zu unserem Gottesdienst in der Gemeinde Gottes Calw-Hirsau. Zum einen wird der Gottesdienst \u00fcber Youtube.com live \u00fcbertragen und zum anderen kann ein Teil der Gemeinde, nach einer Anmeldung vor Ort den Gottesdienst feiern.\" \/>\n<meta property=\"og:url\" content=\"https:\/\/gegocalw.de\/wp-gegocalw\/07-02-gottesdienst-um-1030-uhr\/\" \/>\n<meta property=\"og:site_name\" content=\"Evangelische Freikirche Gemeinde Gottes Calw-Hirsau\" \/>\n<meta property=\"article:publisher\" content=\"https:\/\/www.facebook.com\/GeGoCalw\" \/>\n<meta property=\"article:published_time\" content=\"2021-02-07T09:30:00+00:00\" \/>\n<meta property=\"article:modified_time\" content=\"2021-02-13T17:40:57+00:00\" \/>\n<meta property=\"og:image\" content=\"https:\/\/i0.wp.com\/gegocalw.de\/wp-gegocalw\/wp-content\/uploads\/2021\/02\/Benjamin-Geiss-Begeistert-sein-Webseite.jpg?fit=1200%2C500&ssl=1\" \/>\n\t<meta property=\"og:image:width\" content=\"1200\" \/>\n\t<meta property=\"og:image:height\" content=\"500\" \/>\n\t<meta property=\"og:image:type\" content=\"image\/jpeg\" \/>\n<meta name=\"author\" content=\"Albert Schmidt\" \/>\n<meta name=\"twitter:label1\" content=\"Verfasst von\" \/>\n\t<meta name=\"twitter:data1\" content=\"Albert Schmidt\" \/>\n\t<meta name=\"twitter:label2\" content=\"Gesch\u00e4tzte Lesezeit\" \/>\n\t<meta name=\"twitter:data2\" content=\"1\u00a0Minute\" \/>\n<script type=\"application\/ld+json\" class=\"yoast-schema-graph\">{\"@context\":\"https:\/\/schema.org\",\"@graph\":[{\"@type\":\"Article\",\"@id\":\"https:\/\/gegocalw.de\/wp-gegocalw\/07-02-gottesdienst-um-1030-uhr\/#article\",\"isPartOf\":{\"@id\":\"https:\/\/gegocalw.de\/wp-gegocalw\/07-02-gottesdienst-um-1030-uhr\/\"},\"author\":{\"name\":\"Albert Schmidt\",\"@id\":\"https:\/\/gegocalw.de\/wp-gegocalw\/#\/schema\/person\/243371064de01a882485eeecc13ab38f\"},\"headline\":\"07.02. Gottesdienst um 10:30 Uhr\",\"datePublished\":\"2021-02-07T09:30:00+00:00\",\"dateModified\":\"2021-02-13T17:40:57+00:00\",\"mainEntityOfPage\":{\"@id\":\"https:\/\/gegocalw.de\/wp-gegocalw\/07-02-gottesdienst-um-1030-uhr\/\"},\"wordCount\":140,\"publisher\":{\"@id\":\"https:\/\/gegocalw.de\/wp-gegocalw\/#organization\"},\"articleSection\":[\"Startseite\"],\"inLanguage\":\"de\"},{\"@type\":\"WebPage\",\"@id\":\"https:\/\/gegocalw.de\/wp-gegocalw\/07-02-gottesdienst-um-1030-uhr\/\",\"url\":\"https:\/\/gegocalw.de\/wp-gegocalw\/07-02-gottesdienst-um-1030-uhr\/\",\"name\":\"07.02. Gottesdienst um 10:30 Uhr - Evangelische Freikirche Gemeinde Gottes Calw-Hirsau\",\"isPartOf\":{\"@id\":\"https:\/\/gegocalw.de\/wp-gegocalw\/#website\"},\"datePublished\":\"2021-02-07T09:30:00+00:00\",\"dateModified\":\"2021-02-13T17:40:57+00:00\",\"description\":\"Herzliche Einladung zu unserem Gottesdienst in der Gemeinde Gottes Calw-Hirsau. Zum einen wird der Gottesdienst \u00fcber Youtube.com live \u00fcbertragen und zum anderen kann ein Teil der Gemeinde, nach einer Anmeldung vor Ort den Gottesdienst feiern.\",\"breadcrumb\":{\"@id\":\"https:\/\/gegocalw.de\/wp-gegocalw\/07-02-gottesdienst-um-1030-uhr\/#breadcrumb\"},\"inLanguage\":\"de\",\"potentialAction\":[{\"@type\":\"ReadAction\",\"target\":[\"https:\/\/gegocalw.de\/wp-gegocalw\/07-02-gottesdienst-um-1030-uhr\/\"]}]},{\"@type\":\"BreadcrumbList\",\"@id\":\"https:\/\/gegocalw.de\/wp-gegocalw\/07-02-gottesdienst-um-1030-uhr\/#breadcrumb\",\"itemListElement\":[{\"@type\":\"ListItem\",\"position\":1,\"name\":\"Home\",\"item\":\"https:\/\/gegocalw.de\/wp-gegocalw\/\"},{\"@type\":\"ListItem\",\"position\":2,\"name\":\"07.02. Gottesdienst um 10:30 Uhr\"}]},{\"@type\":\"WebSite\",\"@id\":\"https:\/\/gegocalw.de\/wp-gegocalw\/#website\",\"url\":\"https:\/\/gegocalw.de\/wp-gegocalw\/\",\"name\":\"Gemeinde Gottes Calw-Hirsau\",\"description\":\"\",\"publisher\":{\"@id\":\"https:\/\/gegocalw.de\/wp-gegocalw\/#organization\"},\"potentialAction\":[{\"@type\":\"SearchAction\",\"target\":{\"@type\":\"EntryPoint\",\"urlTemplate\":\"https:\/\/gegocalw.de\/wp-gegocalw\/?s={search_term_string}\"},\"query-input\":\"required name=search_term_string\"}],\"inLanguage\":\"de\"},{\"@type\":\"Organization\",\"@id\":\"https:\/\/gegocalw.de\/wp-gegocalw\/#organization\",\"name\":\"Gemeinde Gottes Calw-Hirsau\",\"url\":\"https:\/\/gegocalw.de\/wp-gegocalw\/\",\"logo\":{\"@type\":\"ImageObject\",\"inLanguage\":\"de\",\"@id\":\"https:\/\/gegocalw.de\/wp-gegocalw\/#\/schema\/logo\/image\/\",\"url\":\"https:\/\/i1.wp.com\/gegocalw.de\/wp-gegocalw\/wp-content\/uploads\/2015\/03\/logoklein.png?fit=201%2C50\",\"contentUrl\":\"https:\/\/i1.wp.com\/gegocalw.de\/wp-gegocalw\/wp-content\/uploads\/2015\/03\/logoklein.png?fit=201%2C50\",\"width\":201,\"height\":50,\"caption\":\"Gemeinde Gottes Calw-Hirsau\"},\"image\":{\"@id\":\"https:\/\/gegocalw.de\/wp-gegocalw\/#\/schema\/logo\/image\/\"},\"sameAs\":[\"https:\/\/www.facebook.com\/GeGoCalw\",\"https:\/\/www.youtube.com\/channel\/UCO8yjucNte7d-7Y6RSPVlBw\"]},{\"@type\":\"Person\",\"@id\":\"https:\/\/gegocalw.de\/wp-gegocalw\/#\/schema\/person\/243371064de01a882485eeecc13ab38f\",\"name\":\"Albert Schmidt\",\"image\":{\"@type\":\"ImageObject\",\"inLanguage\":\"de\",\"@id\":\"https:\/\/gegocalw.de\/wp-gegocalw\/#\/schema\/person\/image\/\",\"url\":\"https:\/\/secure.gravatar.com\/avatar\/c2f669f96bcb32441fba02d1e27b94a552937626bc601126af10f1ca22f2bf88?s=96&d=mm&r=g\",\"contentUrl\":\"https:\/\/secure.gravatar.com\/avatar\/c2f669f96bcb32441fba02d1e27b94a552937626bc601126af10f1ca22f2bf88?s=96&d=mm&r=g\",\"caption\":\"Albert Schmidt\"}}]}<\/script>\n<!-- \/ Yoast SEO plugin. -->","yoast_head_json":{"title":"07.02. Gottesdienst um 10:30 Uhr - Evangelische Freikirche Gemeinde Gottes Calw-Hirsau","description":"Herzliche Einladung zu unserem Gottesdienst in der Gemeinde Gottes Calw-Hirsau. Zum einen wird der Gottesdienst \u00fcber Youtube.com live \u00fcbertragen und zum anderen kann ein Teil der Gemeinde, nach einer Anmeldung vor Ort den Gottesdienst feiern.","robots":{"index":"index","follow":"follow","max-snippet":"max-snippet:-1","max-image-preview":"max-image-preview:large","max-video-preview":"max-video-preview:-1"},"canonical":"https:\/\/gegocalw.de\/wp-gegocalw\/07-02-gottesdienst-um-1030-uhr\/","og_locale":"de_DE","og_type":"article","og_title":"07.02. Gottesdienst um 10:30 Uhr - Evangelische Freikirche Gemeinde Gottes Calw-Hirsau","og_description":"Herzliche Einladung zu unserem Gottesdienst in der Gemeinde Gottes Calw-Hirsau. Zum einen wird der Gottesdienst \u00fcber Youtube.com live \u00fcbertragen und zum anderen kann ein Teil der Gemeinde, nach einer Anmeldung vor Ort den Gottesdienst feiern.","og_url":"https:\/\/gegocalw.de\/wp-gegocalw\/07-02-gottesdienst-um-1030-uhr\/","og_site_name":"Evangelische Freikirche Gemeinde Gottes Calw-Hirsau","article_publisher":"https:\/\/www.facebook.com\/GeGoCalw","article_published_time":"2021-02-07T09:30:00+00:00","article_modified_time":"2021-02-13T17:40:57+00:00","og_image":[{"width":1200,"height":500,"url":"https:\/\/i0.wp.com\/gegocalw.de\/wp-gegocalw\/wp-content\/uploads\/2021\/02\/Benjamin-Geiss-Begeistert-sein-Webseite.jpg?fit=1200%2C500&ssl=1","type":"image\/jpeg"}],"author":"Albert Schmidt","twitter_misc":{"Verfasst von":"Albert Schmidt","Gesch\u00e4tzte Lesezeit":"1\u00a0Minute"},"schema":{"@context":"https:\/\/schema.org","@graph":[{"@type":"Article","@id":"https:\/\/gegocalw.de\/wp-gegocalw\/07-02-gottesdienst-um-1030-uhr\/#article","isPartOf":{"@id":"https:\/\/gegocalw.de\/wp-gegocalw\/07-02-gottesdienst-um-1030-uhr\/"},"author":{"name":"Albert Schmidt","@id":"https:\/\/gegocalw.de\/wp-gegocalw\/#\/schema\/person\/243371064de01a882485eeecc13ab38f"},"headline":"07.02. Gottesdienst um 10:30 Uhr","datePublished":"2021-02-07T09:30:00+00:00","dateModified":"2021-02-13T17:40:57+00:00","mainEntityOfPage":{"@id":"https:\/\/gegocalw.de\/wp-gegocalw\/07-02-gottesdienst-um-1030-uhr\/"},"wordCount":140,"publisher":{"@id":"https:\/\/gegocalw.de\/wp-gegocalw\/#organization"},"articleSection":["Startseite"],"inLanguage":"de"},{"@type":"WebPage","@id":"https:\/\/gegocalw.de\/wp-gegocalw\/07-02-gottesdienst-um-1030-uhr\/","url":"https:\/\/gegocalw.de\/wp-gegocalw\/07-02-gottesdienst-um-1030-uhr\/","name":"07.02. Gottesdienst um 10:30 Uhr - Evangelische Freikirche Gemeinde Gottes Calw-Hirsau","isPartOf":{"@id":"https:\/\/gegocalw.de\/wp-gegocalw\/#website"},"datePublished":"2021-02-07T09:30:00+00:00","dateModified":"2021-02-13T17:40:57+00:00","description":"Herzliche Einladung zu unserem Gottesdienst in der Gemeinde Gottes Calw-Hirsau. Zum einen wird der Gottesdienst \u00fcber Youtube.com live \u00fcbertragen und zum anderen kann ein Teil der Gemeinde, nach einer Anmeldung vor Ort den Gottesdienst feiern.","breadcrumb":{"@id":"https:\/\/gegocalw.de\/wp-gegocalw\/07-02-gottesdienst-um-1030-uhr\/#breadcrumb"},"inLanguage":"de","potentialAction":[{"@type":"ReadAction","target":["https:\/\/gegocalw.de\/wp-gegocalw\/07-02-gottesdienst-um-1030-uhr\/"]}]},{"@type":"BreadcrumbList","@id":"https:\/\/gegocalw.de\/wp-gegocalw\/07-02-gottesdienst-um-1030-uhr\/#breadcrumb","itemListElement":[{"@type":"ListItem","position":1,"name":"Home","item":"https:\/\/gegocalw.de\/wp-gegocalw\/"},{"@type":"ListItem","position":2,"name":"07.02. Gottesdienst um 10:30 Uhr"}]},{"@type":"WebSite","@id":"https:\/\/gegocalw.de\/wp-gegocalw\/#website","url":"https:\/\/gegocalw.de\/wp-gegocalw\/","name":"Gemeinde Gottes Calw-Hirsau","description":"","publisher":{"@id":"https:\/\/gegocalw.de\/wp-gegocalw\/#organization"},"potentialAction":[{"@type":"SearchAction","target":{"@type":"EntryPoint","urlTemplate":"https:\/\/gegocalw.de\/wp-gegocalw\/?s={search_term_string}"},"query-input":"required name=search_term_string"}],"inLanguage":"de"},{"@type":"Organization","@id":"https:\/\/gegocalw.de\/wp-gegocalw\/#organization","name":"Gemeinde Gottes Calw-Hirsau","url":"https:\/\/gegocalw.de\/wp-gegocalw\/","logo":{"@type":"ImageObject","inLanguage":"de","@id":"https:\/\/gegocalw.de\/wp-gegocalw\/#\/schema\/logo\/image\/","url":"https:\/\/i1.wp.com\/gegocalw.de\/wp-gegocalw\/wp-content\/uploads\/2015\/03\/logoklein.png?fit=201%2C50","contentUrl":"https:\/\/i1.wp.com\/gegocalw.de\/wp-gegocalw\/wp-content\/uploads\/2015\/03\/logoklein.png?fit=201%2C50","width":201,"height":50,"caption":"Gemeinde Gottes Calw-Hirsau"},"image":{"@id":"https:\/\/gegocalw.de\/wp-gegocalw\/#\/schema\/logo\/image\/"},"sameAs":["https:\/\/www.facebook.com\/GeGoCalw","https:\/\/www.youtube.com\/channel\/UCO8yjucNte7d-7Y6RSPVlBw"]},{"@type":"Person","@id":"https:\/\/gegocalw.de\/wp-gegocalw\/#\/schema\/person\/243371064de01a882485eeecc13ab38f","name":"Albert Schmidt","image":{"@type":"ImageObject","inLanguage":"de","@id":"https:\/\/gegocalw.de\/wp-gegocalw\/#\/schema\/person\/image\/","url":"https:\/\/secure.gravatar.com\/avatar\/c2f669f96bcb32441fba02d1e27b94a552937626bc601126af10f1ca22f2bf88?s=96&d=mm&r=g","contentUrl":"https:\/\/secure.gravatar.com\/avatar\/c2f669f96bcb32441fba02d1e27b94a552937626bc601126af10f1ca22f2bf88?s=96&d=mm&r=g","caption":"Albert Schmidt"}}]}},"jetpack_featured_media_url":"https:\/\/gegocalw.de\/wp-gegocalw\/wp-content\/uploads\/2021\/02\/Benjamin-Geiss-Begeistert-sein-Webseite.jpg","_links":{"self":[{"href":"https:\/\/gegocalw.de\/wp-gegocalw\/wp-json\/wp\/v2\/posts\/3103","targetHints":{"allow":["GET"]}}],"collection":[{"href":"https:\/\/gegocalw.de\/wp-gegocalw\/wp-json\/wp\/v2\/posts"}],"about":[{"href":"https:\/\/gegocalw.de\/wp-gegocalw\/wp-json\/wp\/v2\/types\/post"}],"author":[{"embeddable":true,"href":"https:\/\/gegocalw.de\/wp-gegocalw\/wp-json\/wp\/v2\/users\/9"}],"replies":[{"embeddable":true,"href":"https:\/\/gegocalw.de\/wp-gegocalw\/wp-json\/wp\/v2\/comments?post=3103"}],"version-history":[{"count":3,"href":"https:\/\/gegocalw.de\/wp-gegocalw\/wp-json\/wp\/v2\/posts\/3103\/revisions"}],"predecessor-version":[{"id":3120,"href":"https:\/\/gegocalw.de\/wp-gegocalw\/wp-json\/wp\/v2\/posts\/3103\/revisions\/3120"}],"wp:featuredmedia":[{"embeddable":true,"href":"https:\/\/gegocalw.de\/wp-gegocalw\/wp-json\/wp\/v2\/media\/3106"}],"wp:attachment":[{"href":"https:\/\/gegocalw.de\/wp-gegocalw\/wp-json\/wp\/v2\/media?parent=3103"}],"wp:term":[{"taxonomy":"category","embeddable":true,"href":"https:\/\/gegocalw.de\/wp-gegocalw\/wp-json\/wp\/v2\/categories?post=3103"},{"taxonomy":"post_tag","embeddable":true,"href":"https:\/\/gegocalw.de\/wp-gegocalw\/wp-json\/wp\/v2\/tags?post=3103"}],"curies":[{"name":"wp","href":"https:\/\/api.w.org\/{rel}","templated":true}]}}