{"id":4972,"date":"2025-01-08T13:42:58","date_gmt":"2025-01-08T12:42:58","guid":{"rendered":"https:\/\/gegocalw.de\/wp-gegocalw\/?p=4972"},"modified":"2025-01-18T16:12:40","modified_gmt":"2025-01-18T15:12:40","slug":"maennertreff-am-111-101-2025-18-uhr","status":"publish","type":"post","link":"https:\/\/gegocalw.de\/wp-gegocalw\/maennertreff-am-111-101-2025-18-uhr\/","title":{"rendered":"M\u00e4nnertreff am 11.01.2025 &#8211; 18 Uhr"},"content":{"rendered":"\n<h1 class=\"wp-block-heading has-text-align-center\" id=\"thema-der-turoffner-mit-georg-schule\">M\u00e4nnerrunde bei Essen und Austausch<\/h1>\n\n\n\n<!--more-->\n\n\n<div class=\"wp-block-image\">\n<figure class=\"aligncenter size-full\"><a href=\"https:\/\/gegocalw.de\/wp-gegocalw\/wp-content\/uploads\/2025\/01\/e47f09f5-0588-4a27-89c8-b91ef06a7b68.png\"><img loading=\"lazy\" decoding=\"async\" width=\"724\" height=\"1024\" src=\"https:\/\/gegocalw.de\/wp-gegocalw\/wp-content\/uploads\/2025\/01\/e47f09f5-0588-4a27-89c8-b91ef06a7b68.png\" alt=\"\" class=\"wp-image-4973\" srcset=\"https:\/\/gegocalw.de\/wp-gegocalw\/wp-content\/uploads\/2025\/01\/e47f09f5-0588-4a27-89c8-b91ef06a7b68.png 724w, https:\/\/gegocalw.de\/wp-gegocalw\/wp-content\/uploads\/2025\/01\/e47f09f5-0588-4a27-89c8-b91ef06a7b68-212x300.png 212w, https:\/\/gegocalw.de\/wp-gegocalw\/wp-content\/uploads\/2025\/01\/e47f09f5-0588-4a27-89c8-b91ef06a7b68-247x350.png 247w, https:\/\/gegocalw.de\/wp-gegocalw\/wp-content\/uploads\/2025\/01\/e47f09f5-0588-4a27-89c8-b91ef06a7b68-106x150.png 106w\" sizes=\"auto, (max-width: 724px) 100vw, 724px\" \/><\/a><\/figure>\n<\/div>\n\n\n<div style=\"height:36px\" aria-hidden=\"true\" class=\"wp-block-spacer\"><\/div>\n\n\n\n<div class=\"wp-block-buttons is-content-justification-center is-layout-flex wp-container-core-buttons-is-layout-14c487f4 wp-block-buttons-is-layout-flex\"><\/div>\n","protected":false},"excerpt":{"rendered":"<p>M\u00e4nnerrunde bei Essen und Austausch <a class=\"continue-reading-link\" href=\"https:\/\/gegocalw.de\/wp-gegocalw\/maennertreff-am-111-101-2025-18-uhr\/\">Mehr sehen &amp; h\u00f6ren<\/a><\/p>\n","protected":false},"author":9,"featured_media":4974,"comment_status":"closed","ping_status":"open","sticky":false,"template":"","format":"standard","meta":{"footnotes":""},"categories":[1],"tags":[],"class_list":["post-4972","post","type-post","status-publish","format-standard","has-post-thumbnail","hentry","category-sonstiges"],"yoast_head":"<!-- This site is optimized with the Yoast SEO plugin v20.5 - https:\/\/yoast.com\/wordpress\/plugins\/seo\/ -->\n<title>M\u00e4nnertreff am 11.01.2025 - 18 Uhr - Evangelische Freikirche Gemeinde Gottes Calw-Hirsau<\/title>\n<meta name=\"robots\" content=\"index, follow, max-snippet:-1, max-image-preview:large, max-video-preview:-1\" \/>\n<link rel=\"canonical\" href=\"https:\/\/gegocalw.de\/wp-gegocalw\/maennertreff-am-111-101-2025-18-uhr\/\" \/>\n<meta property=\"og:locale\" content=\"de_DE\" \/>\n<meta property=\"og:type\" content=\"article\" \/>\n<meta property=\"og:title\" content=\"M\u00e4nnertreff am 11.01.2025 - 18 Uhr - Evangelische Freikirche Gemeinde Gottes Calw-Hirsau\" \/>\n<meta property=\"og:description\" content=\"M\u00e4nnerrunde bei Essen und Austausch Mehr sehen &amp; h\u00f6ren\" \/>\n<meta property=\"og:url\" content=\"https:\/\/gegocalw.de\/wp-gegocalw\/maennertreff-am-111-101-2025-18-uhr\/\" \/>\n<meta property=\"og:site_name\" content=\"Evangelische Freikirche Gemeinde Gottes Calw-Hirsau\" \/>\n<meta property=\"article:publisher\" content=\"https:\/\/www.facebook.com\/GeGoCalw\" \/>\n<meta property=\"article:published_time\" content=\"2025-01-08T12:42:58+00:00\" \/>\n<meta property=\"article:modified_time\" content=\"2025-01-18T15:12:40+00:00\" \/>\n<meta property=\"og:image\" content=\"https:\/\/gegocalw.de\/wp-gegocalw\/wp-content\/uploads\/2025\/01\/Banner-Websit_Maennertreff.png\" \/>\n\t<meta property=\"og:image:width\" content=\"1600\" \/>\n\t<meta property=\"og:image:height\" content=\"600\" \/>\n\t<meta property=\"og:image:type\" content=\"image\/png\" \/>\n<meta name=\"author\" content=\"Albert Schmidt\" \/>\n<meta name=\"twitter:label1\" content=\"Verfasst von\" \/>\n\t<meta name=\"twitter:data1\" content=\"Albert Schmidt\" \/>\n\t<meta name=\"twitter:label2\" content=\"Gesch\u00e4tzte Lesezeit\" \/>\n\t<meta name=\"twitter:data2\" content=\"1\u00a0Minute\" \/>\n<script type=\"application\/ld+json\" class=\"yoast-schema-graph\">{\"@context\":\"https:\/\/schema.org\",\"@graph\":[{\"@type\":\"Article\",\"@id\":\"https:\/\/gegocalw.de\/wp-gegocalw\/maennertreff-am-111-101-2025-18-uhr\/#article\",\"isPartOf\":{\"@id\":\"https:\/\/gegocalw.de\/wp-gegocalw\/maennertreff-am-111-101-2025-18-uhr\/\"},\"author\":{\"name\":\"Albert Schmidt\",\"@id\":\"https:\/\/gegocalw.de\/wp-gegocalw\/#\/schema\/person\/243371064de01a882485eeecc13ab38f\"},\"headline\":\"M\u00e4nnertreff am 11.01.2025 &#8211; 18 Uhr\",\"datePublished\":\"2025-01-08T12:42:58+00:00\",\"dateModified\":\"2025-01-18T15:12:40+00:00\",\"mainEntityOfPage\":{\"@id\":\"https:\/\/gegocalw.de\/wp-gegocalw\/maennertreff-am-111-101-2025-18-uhr\/\"},\"wordCount\":11,\"publisher\":{\"@id\":\"https:\/\/gegocalw.de\/wp-gegocalw\/#organization\"},\"articleSection\":[\"Sonstiges\"],\"inLanguage\":\"de\"},{\"@type\":\"WebPage\",\"@id\":\"https:\/\/gegocalw.de\/wp-gegocalw\/maennertreff-am-111-101-2025-18-uhr\/\",\"url\":\"https:\/\/gegocalw.de\/wp-gegocalw\/maennertreff-am-111-101-2025-18-uhr\/\",\"name\":\"M\u00e4nnertreff am 11.01.2025 - 18 Uhr - Evangelische Freikirche Gemeinde Gottes Calw-Hirsau\",\"isPartOf\":{\"@id\":\"https:\/\/gegocalw.de\/wp-gegocalw\/#website\"},\"datePublished\":\"2025-01-08T12:42:58+00:00\",\"dateModified\":\"2025-01-18T15:12:40+00:00\",\"breadcrumb\":{\"@id\":\"https:\/\/gegocalw.de\/wp-gegocalw\/maennertreff-am-111-101-2025-18-uhr\/#breadcrumb\"},\"inLanguage\":\"de\",\"potentialAction\":[{\"@type\":\"ReadAction\",\"target\":[\"https:\/\/gegocalw.de\/wp-gegocalw\/maennertreff-am-111-101-2025-18-uhr\/\"]}]},{\"@type\":\"BreadcrumbList\",\"@id\":\"https:\/\/gegocalw.de\/wp-gegocalw\/maennertreff-am-111-101-2025-18-uhr\/#breadcrumb\",\"itemListElement\":[{\"@type\":\"ListItem\",\"position\":1,\"name\":\"Home\",\"item\":\"https:\/\/gegocalw.de\/wp-gegocalw\/\"},{\"@type\":\"ListItem\",\"position\":2,\"name\":\"M\u00e4nnertreff am 11.01.2025 &#8211; 18 Uhr\"}]},{\"@type\":\"WebSite\",\"@id\":\"https:\/\/gegocalw.de\/wp-gegocalw\/#website\",\"url\":\"https:\/\/gegocalw.de\/wp-gegocalw\/\",\"name\":\"Gemeinde Gottes Calw-Hirsau\",\"description\":\"\",\"publisher\":{\"@id\":\"https:\/\/gegocalw.de\/wp-gegocalw\/#organization\"},\"potentialAction\":[{\"@type\":\"SearchAction\",\"target\":{\"@type\":\"EntryPoint\",\"urlTemplate\":\"https:\/\/gegocalw.de\/wp-gegocalw\/?s={search_term_string}\"},\"query-input\":\"required name=search_term_string\"}],\"inLanguage\":\"de\"},{\"@type\":\"Organization\",\"@id\":\"https:\/\/gegocalw.de\/wp-gegocalw\/#organization\",\"name\":\"Gemeinde Gottes Calw-Hirsau\",\"url\":\"https:\/\/gegocalw.de\/wp-gegocalw\/\",\"logo\":{\"@type\":\"ImageObject\",\"inLanguage\":\"de\",\"@id\":\"https:\/\/gegocalw.de\/wp-gegocalw\/#\/schema\/logo\/image\/\",\"url\":\"https:\/\/i1.wp.com\/gegocalw.de\/wp-gegocalw\/wp-content\/uploads\/2015\/03\/logoklein.png?fit=201%2C50\",\"contentUrl\":\"https:\/\/i1.wp.com\/gegocalw.de\/wp-gegocalw\/wp-content\/uploads\/2015\/03\/logoklein.png?fit=201%2C50\",\"width\":201,\"height\":50,\"caption\":\"Gemeinde Gottes Calw-Hirsau\"},\"image\":{\"@id\":\"https:\/\/gegocalw.de\/wp-gegocalw\/#\/schema\/logo\/image\/\"},\"sameAs\":[\"https:\/\/www.facebook.com\/GeGoCalw\",\"https:\/\/www.youtube.com\/channel\/UCO8yjucNte7d-7Y6RSPVlBw\"]},{\"@type\":\"Person\",\"@id\":\"https:\/\/gegocalw.de\/wp-gegocalw\/#\/schema\/person\/243371064de01a882485eeecc13ab38f\",\"name\":\"Albert Schmidt\",\"image\":{\"@type\":\"ImageObject\",\"inLanguage\":\"de\",\"@id\":\"https:\/\/gegocalw.de\/wp-gegocalw\/#\/schema\/person\/image\/\",\"url\":\"https:\/\/secure.gravatar.com\/avatar\/c2f669f96bcb32441fba02d1e27b94a552937626bc601126af10f1ca22f2bf88?s=96&d=mm&r=g\",\"contentUrl\":\"https:\/\/secure.gravatar.com\/avatar\/c2f669f96bcb32441fba02d1e27b94a552937626bc601126af10f1ca22f2bf88?s=96&d=mm&r=g\",\"caption\":\"Albert Schmidt\"}}]}<\/script>\n<!-- \/ Yoast SEO plugin. -->","yoast_head_json":{"title":"M\u00e4nnertreff am 11.01.2025 - 18 Uhr - Evangelische Freikirche Gemeinde Gottes Calw-Hirsau","robots":{"index":"index","follow":"follow","max-snippet":"max-snippet:-1","max-image-preview":"max-image-preview:large","max-video-preview":"max-video-preview:-1"},"canonical":"https:\/\/gegocalw.de\/wp-gegocalw\/maennertreff-am-111-101-2025-18-uhr\/","og_locale":"de_DE","og_type":"article","og_title":"M\u00e4nnertreff am 11.01.2025 - 18 Uhr - Evangelische Freikirche Gemeinde Gottes Calw-Hirsau","og_description":"M\u00e4nnerrunde bei Essen und Austausch Mehr sehen &amp; h\u00f6ren","og_url":"https:\/\/gegocalw.de\/wp-gegocalw\/maennertreff-am-111-101-2025-18-uhr\/","og_site_name":"Evangelische Freikirche Gemeinde Gottes Calw-Hirsau","article_publisher":"https:\/\/www.facebook.com\/GeGoCalw","article_published_time":"2025-01-08T12:42:58+00:00","article_modified_time":"2025-01-18T15:12:40+00:00","og_image":[{"width":1600,"height":600,"url":"https:\/\/gegocalw.de\/wp-gegocalw\/wp-content\/uploads\/2025\/01\/Banner-Websit_Maennertreff.png","type":"image\/png"}],"author":"Albert Schmidt","twitter_misc":{"Verfasst von":"Albert Schmidt","Gesch\u00e4tzte Lesezeit":"1\u00a0Minute"},"schema":{"@context":"https:\/\/schema.org","@graph":[{"@type":"Article","@id":"https:\/\/gegocalw.de\/wp-gegocalw\/maennertreff-am-111-101-2025-18-uhr\/#article","isPartOf":{"@id":"https:\/\/gegocalw.de\/wp-gegocalw\/maennertreff-am-111-101-2025-18-uhr\/"},"author":{"name":"Albert Schmidt","@id":"https:\/\/gegocalw.de\/wp-gegocalw\/#\/schema\/person\/243371064de01a882485eeecc13ab38f"},"headline":"M\u00e4nnertreff am 11.01.2025 &#8211; 18 Uhr","datePublished":"2025-01-08T12:42:58+00:00","dateModified":"2025-01-18T15:12:40+00:00","mainEntityOfPage":{"@id":"https:\/\/gegocalw.de\/wp-gegocalw\/maennertreff-am-111-101-2025-18-uhr\/"},"wordCount":11,"publisher":{"@id":"https:\/\/gegocalw.de\/wp-gegocalw\/#organization"},"articleSection":["Sonstiges"],"inLanguage":"de"},{"@type":"WebPage","@id":"https:\/\/gegocalw.de\/wp-gegocalw\/maennertreff-am-111-101-2025-18-uhr\/","url":"https:\/\/gegocalw.de\/wp-gegocalw\/maennertreff-am-111-101-2025-18-uhr\/","name":"M\u00e4nnertreff am 11.01.2025 - 18 Uhr - Evangelische Freikirche Gemeinde Gottes Calw-Hirsau","isPartOf":{"@id":"https:\/\/gegocalw.de\/wp-gegocalw\/#website"},"datePublished":"2025-01-08T12:42:58+00:00","dateModified":"2025-01-18T15:12:40+00:00","breadcrumb":{"@id":"https:\/\/gegocalw.de\/wp-gegocalw\/maennertreff-am-111-101-2025-18-uhr\/#breadcrumb"},"inLanguage":"de","potentialAction":[{"@type":"ReadAction","target":["https:\/\/gegocalw.de\/wp-gegocalw\/maennertreff-am-111-101-2025-18-uhr\/"]}]},{"@type":"BreadcrumbList","@id":"https:\/\/gegocalw.de\/wp-gegocalw\/maennertreff-am-111-101-2025-18-uhr\/#breadcrumb","itemListElement":[{"@type":"ListItem","position":1,"name":"Home","item":"https:\/\/gegocalw.de\/wp-gegocalw\/"},{"@type":"ListItem","position":2,"name":"M\u00e4nnertreff am 11.01.2025 &#8211; 18 Uhr"}]},{"@type":"WebSite","@id":"https:\/\/gegocalw.de\/wp-gegocalw\/#website","url":"https:\/\/gegocalw.de\/wp-gegocalw\/","name":"Gemeinde Gottes Calw-Hirsau","description":"","publisher":{"@id":"https:\/\/gegocalw.de\/wp-gegocalw\/#organization"},"potentialAction":[{"@type":"SearchAction","target":{"@type":"EntryPoint","urlTemplate":"https:\/\/gegocalw.de\/wp-gegocalw\/?s={search_term_string}"},"query-input":"required name=search_term_string"}],"inLanguage":"de"},{"@type":"Organization","@id":"https:\/\/gegocalw.de\/wp-gegocalw\/#organization","name":"Gemeinde Gottes Calw-Hirsau","url":"https:\/\/gegocalw.de\/wp-gegocalw\/","logo":{"@type":"ImageObject","inLanguage":"de","@id":"https:\/\/gegocalw.de\/wp-gegocalw\/#\/schema\/logo\/image\/","url":"https:\/\/i1.wp.com\/gegocalw.de\/wp-gegocalw\/wp-content\/uploads\/2015\/03\/logoklein.png?fit=201%2C50","contentUrl":"https:\/\/i1.wp.com\/gegocalw.de\/wp-gegocalw\/wp-content\/uploads\/2015\/03\/logoklein.png?fit=201%2C50","width":201,"height":50,"caption":"Gemeinde Gottes Calw-Hirsau"},"image":{"@id":"https:\/\/gegocalw.de\/wp-gegocalw\/#\/schema\/logo\/image\/"},"sameAs":["https:\/\/www.facebook.com\/GeGoCalw","https:\/\/www.youtube.com\/channel\/UCO8yjucNte7d-7Y6RSPVlBw"]},{"@type":"Person","@id":"https:\/\/gegocalw.de\/wp-gegocalw\/#\/schema\/person\/243371064de01a882485eeecc13ab38f","name":"Albert Schmidt","image":{"@type":"ImageObject","inLanguage":"de","@id":"https:\/\/gegocalw.de\/wp-gegocalw\/#\/schema\/person\/image\/","url":"https:\/\/secure.gravatar.com\/avatar\/c2f669f96bcb32441fba02d1e27b94a552937626bc601126af10f1ca22f2bf88?s=96&d=mm&r=g","contentUrl":"https:\/\/secure.gravatar.com\/avatar\/c2f669f96bcb32441fba02d1e27b94a552937626bc601126af10f1ca22f2bf88?s=96&d=mm&r=g","caption":"Albert Schmidt"}}]}},"jetpack_featured_media_url":"https:\/\/gegocalw.de\/wp-gegocalw\/wp-content\/uploads\/2025\/01\/Banner-Websit_Maennertreff.png","_links":{"self":[{"href":"https:\/\/gegocalw.de\/wp-gegocalw\/wp-json\/wp\/v2\/posts\/4972","targetHints":{"allow":["GET"]}}],"collection":[{"href":"https:\/\/gegocalw.de\/wp-gegocalw\/wp-json\/wp\/v2\/posts"}],"about":[{"href":"https:\/\/gegocalw.de\/wp-gegocalw\/wp-json\/wp\/v2\/types\/post"}],"author":[{"embeddable":true,"href":"https:\/\/gegocalw.de\/wp-gegocalw\/wp-json\/wp\/v2\/users\/9"}],"replies":[{"embeddable":true,"href":"https:\/\/gegocalw.de\/wp-gegocalw\/wp-json\/wp\/v2\/comments?post=4972"}],"version-history":[{"count":2,"href":"https:\/\/gegocalw.de\/wp-gegocalw\/wp-json\/wp\/v2\/posts\/4972\/revisions"}],"predecessor-version":[{"id":4986,"href":"https:\/\/gegocalw.de\/wp-gegocalw\/wp-json\/wp\/v2\/posts\/4972\/revisions\/4986"}],"wp:featuredmedia":[{"embeddable":true,"href":"https:\/\/gegocalw.de\/wp-gegocalw\/wp-json\/wp\/v2\/media\/4974"}],"wp:attachment":[{"href":"https:\/\/gegocalw.de\/wp-gegocalw\/wp-json\/wp\/v2\/media?parent=4972"}],"wp:term":[{"taxonomy":"category","embeddable":true,"href":"https:\/\/gegocalw.de\/wp-gegocalw\/wp-json\/wp\/v2\/categories?post=4972"},{"taxonomy":"post_tag","embeddable":true,"href":"https:\/\/gegocalw.de\/wp-gegocalw\/wp-json\/wp\/v2\/tags?post=4972"}],"curies":[{"name":"wp","href":"https:\/\/api.w.org\/{rel}","templated":true}]}}